{"id":1892,"date":"2026-05-01T09:00:00","date_gmt":"2026-05-01T09:00:00","guid":{"rendered":"https:\/\/etavisauk.org\/en\/?p=1892"},"modified":"2026-04-27T23:37:10","modified_gmt":"2026-04-27T23:37:10","slug":"ve-day-81st-anniversary-london-8-may-2026-for-eta-visitors","status":"publish","type":"post","link":"https:\/\/etavisauk.org\/hu\/ve-day-81st-anniversary-london-8-may-2026-for-eta-visitors\/","title":{"rendered":"VE Day 81st Anniversary \u2013 London 8 May 2026 for ETA Visitors"},"content":{"rendered":"<p>A <strong>VE Day 81 London<\/strong> A 2026. m\u00e1jus 8. p\u00e9nteken tartott megeml\u00e9kez\u00e9sek nyolcvanegy \u00e9vvel a Eur\u00f3pa feletti gy\u0151zelem ut\u00e1n j\u00e1rnak, amely 1945 m\u00e1jus\u00e1ban v\u00e9get vetett a m\u00e1sodik vil\u00e1gh\u00e1bor\u00fanak. Tov\u00e1bb\u00e1, a d\u00e1tum egy hossz\u00fa Bank Holiday h\u00e9tv\u00e9g\u00e9be esik, amely az egyetlen legjelent\u0151sebb t\u00f6rt\u00e9nelmi megeml\u00e9kez\u00e9s, amelyet egy ETA-val rendelkez\u0151 l\u00e1togat\u00f3 tapasztalhat K\u00f6z\u00e9p-Londonban m\u00e1jus alatt. Ennek eredm\u00e9nyek\u00e9nt sz\u00e1m\u00edtson arra, hogy a The Mall, Whitehall, Westminster, Horse Guards Parade \u00e9s a Cenotaph \u00e1tfed\u0151 szertart\u00e1sokat, meneteket \u00e9s egy rep\u00fcl\u0151g\u00e9pezredet fog fogadni, amely pontosan 13:00-kor keresztezi a Temizt.<\/p>\n\n\n\n<p>Azonban a VE Day 2026 nem egy \u00e1ltal\u00e1nos turista nap \u2014 ez egy nemzeti megeml\u00e9kez\u00e9s szigor\u00fa t\u00f6megellen\u0151rz\u00e9ssel, \u00fatlez\u00e1r\u00e1sokkal \u00e9s a Greater London Authority \u00e9s a Metropolitan Police \u00e1ltal koordin\u00e1lt biztons\u00e1gi int\u00e9zked\u00e9sekkel. Val\u00f3ban, egy ETA-val rendelkez\u0151 l\u00e1togat\u00f3, aki terv n\u00e9lk\u00fcl \u00e9rkezik, tal\u00e1lja majd a Whitehall-t lez\u00e1rva, a Cenotaphot szalagokkal elker\u00edtve, \u00e9s a Westminster, Charing Cross \u00e9s Embankment metr\u00f3\u00e1llom\u00e1sait csak kij\u00e1rat m\u00f3dban m\u0171k\u00f6dve a cs\u00facsid\u0151ben. Ez\u00e9rt ez a 2026-os l\u00e1togat\u00e1si \u00fatmutat\u00f3 magyar\u00e1zza a nap hivatalos programj\u00e1t, az ETA-hoz kapcsol\u00f3d\u00f3 k\u00f6zleked\u00e9si megjegyz\u00e9seket, hol \u00e1lljunk, mit vigy\u00fcnk fel, hol lak\u00f3zunk, \u00e9s a gyakorlati GYIK-et az els\u0151 alkalommal r\u00e9sztvev\u0151k sz\u00e1m\u00e1ra.<\/p>\n\n\n\n<figure class=\"wp-block-image size-large\"><img fetchpriority=\"high\" decoding=\"async\" width=\"1200\" height=\"1800\" src=\"https:\/\/etavisauk.org\/wp-content\/uploads\/2026\/04\/london-budget-bigben.jpg\" alt=\"VE Day 81 London megeml\u00e9kez\u00e9s ETA holders sz\u00e1m\u00e1ra\" class=\"wp-image-1638\" srcset=\"https:\/\/etavisauk.org\/wp-content\/uploads\/2026\/04\/london-budget-bigben.jpg 1200w, https:\/\/etavisauk.org\/wp-content\/uploads\/2026\/04\/london-budget-bigben-200x300.jpg 200w, https:\/\/etavisauk.org\/wp-content\/uploads\/2026\/04\/london-budget-bigben-683x1024.jpg 683w, https:\/\/etavisauk.org\/wp-content\/uploads\/2026\/04\/london-budget-bigben-768x1152.jpg 768w, https:\/\/etavisauk.org\/wp-content\/uploads\/2026\/04\/london-budget-bigben-1024x1536.jpg 1024w, https:\/\/etavisauk.org\/wp-content\/uploads\/2026\/04\/london-budget-bigben-8x12.jpg 8w\" sizes=\"(max-width: 1200px) 100vw, 1200px\" \/><\/figure>\n\n\n\n<h2 class=\"wp-block-heading\">Mit \u00fcnnepel a VE Day \u00e9s mi\u00e9rt sz\u00e1m\u00edt a 2026<\/h2>\n\n\n\n<p>A VE Day (Victory in Europe Day) a Eur\u00f3pa feletti gy\u0151zelmet jelenti. Pontosabban, 1945. m\u00e1jus 8-\u00e1n az Egyes\u00fclt \u00c1llamok, a Brit Birodalom \u00e9s a Szovjetuni\u00f3 sz\u00f6vets\u00e9ges er\u0151i Reimsben \u00e9s Berlinben a Karlshorstban elfogadt\u00e1k N\u00e9metorsz\u00e1g felt\u00e9tel n\u00e9lk\u00fcli kapitul\u00e1ci\u00f3j\u00e1t. Az Egyes\u00fclt Kir\u00e1lys\u00e1gban ezt a d\u00e1tumot az Eur\u00f3pa feletti h\u00e1bor\u00fa hivatalos v\u00e9g\u00e9nek tekintik, m\u00edg a VJ Day augusztus 15-\u00e9n jelzi a gy\u0151zelmet Jap\u00e1n felett. Val\u00f3ban, a 2025-\u00f6s 80. \u00e9vfordul\u00f3 egy n\u00e9gy napos nemzeti programot hozott, \u00e9s 2026-ban egyetlen napos megeml\u00e9kez\u00e9s maradt, amely a Royal British Legion veter\u00e1njain f\u00f3kusz\u00e1l. Tov\u00e1bb\u00e1, a 2026-os hivatalos t\u00e9ma az &#8220;Living Memory&#8221; (\u00c9l\u0151 Eml\u00e9kezet) \u2014 annak elismer\u00e9se, hogy akik 1945-ben akt\u00edvan szolg\u00e1ltak, ma m\u00e1r kilencven\u00e9vesek a korai, \u00e9s hogy a h\u00e1bor\u00fa \u00e9veinek k\u00f6zvetlen tan\u00fas\u00edt\u00e1sa v\u00e9ges nemzeti er\u0151forr\u00e1s.<\/p>\n\n\n\n<h2 class=\"wp-block-heading\">Rendezv\u00e9nynapt\u00e1r a 2026. m\u00e1jus 8-i p\u00e9ntekre<\/h2>\n\n\n\n<p>A Whitehall-i hivatalos program 10:30-kor kezd\u0151dik a londoni p\u00fcsp\u00f6k \u00e1ltal vezetett Cenotaph-szertart\u00e1ssal. Ezt k\u00f6vet\u0151en 11:00-kor k\u00e9t percnyi csend k\u00f6vetkezik, amelyet az Egyes\u00fclt Kir\u00e1lys\u00e1g minden vas\u00fat\u00e1llom\u00e1s\u00e1n, katonai laktany\u00e1j\u00e1n \u00e9s parlamentj\u00e9ben t\u00fckr\u00f6znek. Ezt k\u00f6vet\u0151en a Royal British Legion felvonul\u00e1sa 11:30-kor vonul fel a Horse Guards Parad\u00e9r\u00f3l a Buckingham Palot\u00e1ig a The Mall-on. Emellett a Royal Air Force rep\u00fcl\u00e9si bemutat\u00f3ja 13:00-kor keresztezi Londont \u2014 hat rep\u00fcl\u0151g\u00e9p, k\u00f6zt\u00fck egy Spitfire, Lancaster, Hurricane, k\u00e9t Typhoon \u00e9s egy Voyager A330, amely az Uni\u00f3 Jack sz\u00edneiben h\u00faz\u00f3d\u00f3 p\u00e1ra nyomot hagy. Tov\u00e1bb\u00e1 a Trafalgar Sqare-en egy k\u00f6z\u00f6ss\u00e9gi koncert 14:00-t\u0151l 18:00-ig tart, amely f\u00fav\u00f3s zenekarokat, k\u00f3rusm\u0171k\u00f6d\u00e9seket, \u00e9s egy 17:30-as fin\u00e1l\u00e9t tartalmaz Dame Joan Armadtrading szerepl\u00e9s\u00e9vel.<\/p>\n\n\n\n<figure class=\"wp-block-table\"><table><thead><tr><th>Id\u0151<\/th><th>Esem\u00e9ny<\/th><th>Helysz\u00edn<\/th><th>Legjobb ETA-megfigyel\u00e9si pont<\/th><\/tr><\/thead><tbody><tr><td>10:30<\/td><td>Cenotaph-szertart\u00e1s<\/td><td>Whitehall<\/td><td>Korl\u00e1tozott nyilv\u00e1nos hozz\u00e1f\u00e9r\u00e9s \u2014 helyhez k\u00f6t\u00f6tt \u00e1ll\u00f3helyeket kell foglalni<\/td><\/tr><tr><td>11:00<\/td><td>K\u00e9tperces csend<\/td><td>Orsz\u00e1gszerte<\/td><td>B\u00e1rhol; vegye le a fejhallgat\u00f3t<\/td><\/tr><tr><td>11:30<\/td><td>Veter\u00e1nok felvonul\u00e1sa<\/td><td>The Mall<\/td><td>Admiralty Arch l\u00e1b\u00e1n\u00e1l, nyugati oldal<\/td><\/tr><tr><td>13:00<\/td><td>RAF rep\u00fcl\u0151g\u00e9pes bemutat\u00e1sa<\/td><td>A k\u00f6z\u00e9p-londoni \u00e9gbolt<\/td><td>Buckingham Palace el\u0151csarnoka<\/td><\/tr><tr><td>14:00\u201318:00<\/td><td>K\u00f6z\u00f6ss\u00e9gi koncert<\/td><td>Trafalgar Square<\/td><td>\u00c9szakkelet-terasz<\/td><\/tr><\/tbody><\/table><\/figure>\n\n\n\n<h2 class=\"wp-block-heading\">K\u00f6zleked\u00e9s, \u00fatlez\u00e1r\u00e1sok \u00e9s l\u00e9pcs\u0151mentes hozz\u00e1f\u00e9r\u00e9s<\/h2>\n\n\n\n<p>Konkr\u00e9tan a Transport for London (TfL) 2026. m\u00e1jus 8. (p\u00e9ntek) 06:00-t\u00f3l 16:00-ig lez\u00e1rja a Whitehall-t a teljes k\u00f6z\u00fati forgalom el\u0151l. Ezenk\u00edv\u00fcl a The Mall 07:00-t\u00f3l 14:00-ig, a Birdcage Walk pedig 09:00-t\u00f3l 13:30-ig z\u00e1rt. Ez\u00e9rt az ETA l\u00e1togat\u00f3knak buszt vagy taxit helyett a metr\u00f3t kell haszn\u00e1lniuk. Val\u00f3ban, a Westminster (Jubilee, Circle, District) \u00e9s a Charing Cross (Bakerloo, Northern) az k\u00e9t els\u0151bbs\u00e9gi \u00e1llom\u00e1s, de sz\u00e1m\u00edts 20 perces kij\u00e1rati sorral a cs\u00facsid\u0151ben. R\u00e1ad\u00e1sul az Embankment 09:00 \u00e9s 12:00 k\u00f6z\u00f6tt csak bel\u00e9p\u00e9sk\u00e9nt m\u0171k\u00f6dik az \u00e1raml\u00e1s kezel\u00e9s\u00e9re.<\/p>\n\n\n\n<p>L\u00e9pcs\u0151mentes hozz\u00e1f\u00e9r\u00e9shez sz\u00e1llj le a Green Park vagy Bond Street meg\u00e1ll\u00f3ban, \u00e9s s\u00e9t\u00e1lj a The Mall gyalogos \u00fatvonal\u00e1n. Alternat\u00edvak\u00e9nt a Heathrow Express terminus Paddingtonban 12 percen bel\u00fcl kapcsol\u00f3dik Westminsterhez a Bakerloo \u00e9s Jubilee vonalakon. Ennek eredm\u00e9nyek\u00e9nt egy ETA \u00e9rkez\u00e9s, amely 06:00-kor \u00e9r le a Heathrow-n, realistikusan 09:30-ra eljuthat az Admiralty Archig k\u00f6nny\u0171 csomagokkal, amelyeket a Paddington poggy\u00e1sz-t\u00e1rol\u00f3ban t\u00e1rolnak. Azonban nagym\u00e9ret\u0171 b\u0151r\u00f6nd\u00f6k nem enged\u00e9lyezettek a lez\u00e1rt n\u00e9z\u0151 z\u00f3n\u00e1k egyik\u00e9ben sem.<\/p>\n\n\n\n<figure class=\"wp-block-image size-large\"><img decoding=\"async\" width=\"1200\" height=\"800\" src=\"https:\/\/etavisauk.org\/wp-content\/uploads\/2026\/04\/london-budget-tower-bridge.jpg\" alt=\"VE Day 81 The Mall \u00fatvonal ETA London visitors sz\u00e1m\u00e1ra\" class=\"wp-image-1636\" srcset=\"https:\/\/etavisauk.org\/wp-content\/uploads\/2026\/04\/london-budget-tower-bridge.jpg 1200w, https:\/\/etavisauk.org\/wp-content\/uploads\/2026\/04\/london-budget-tower-bridge-300x200.jpg 300w, https:\/\/etavisauk.org\/wp-content\/uploads\/2026\/04\/london-budget-tower-bridge-1024x683.jpg 1024w, https:\/\/etavisauk.org\/wp-content\/uploads\/2026\/04\/london-budget-tower-bridge-768x512.jpg 768w, https:\/\/etavisauk.org\/wp-content\/uploads\/2026\/04\/london-budget-tower-bridge-18x12.jpg 18w\" sizes=\"(max-width: 1200px) 100vw, 1200px\" \/><\/figure>\n\n\n\n<h2 class=\"wp-block-heading\">Hol \u00e1llj meg a felvonul\u00e1sn\u00e1l \u00e9s a rep\u00fcl\u0151s bemutat\u00f3n\u00e1l<\/h2>\n\n\n\n<p>A 11:30-as felvonul\u00e1s leger\u0151sebb szabad n\u00e9z\u0151 poz\u00edci\u00f3ja a The Mall nyugati v\u00e9ge, a Kort\u00e1rs M\u0171v\u00e9szeti Int\u00e9zet (Institute of Contemporary Arts) mellett. Ezenk\u00edv\u00fcl a Buckingham-palota el\u0151udvara a Vikt\u00f3ria Kir\u00e1lyn\u0151 Eml\u00e9kn\u00e9l a spiritu\u00e1lis c\u00e9lvonal \u2014 mind a felvonul\u00e1s, mind a 13:00-as rep\u00fcl\u0151s bemutat\u00f3 a palot\u00e1t haszn\u00e1lja orient\u00e1ci\u00f3s pontk\u00e9nt. R\u00e1ad\u00e1sul 10:00-ig \u00e9rkezz, hogy els\u0151 sor mellett foglalhass helyet. A rep\u00fcl\u0151s bemutat\u00f3hoz konkr\u00e9tan b\u00e1rmely d\u00e9lre n\u00e9z\u0151 terasz a Trafalgar t\u00e9r \u00e9s a Buckingham-palota k\u00f6z\u00f6tt tiszta kil\u00e1t\u00e1st biztos\u00edt; a rep\u00fcl\u0151s bemutat\u00f3 ir\u00e1nya kelet-nyugat, 1500 l\u00e1b magass\u00e1gban.<\/p>\n\n\n\n<p>A \u00fcl\u0151helyes stand-hez a Horse Guards Parade-en a p\u00e1ly\u00e1zatok 2025 novemberben ny\u00edltak meg a Royal British Legion weboldal\u00e1n \u00e9s 2026. m\u00e1rcius 15-\u00e9n z\u00e1rultak. Ez\u00e9rt nincsenek napi jegyek. azonban a Trafalgar Square ingyenes bel\u00e9p\u00e9s\u0171nek marad eg\u00e9sz nap, \u00e9s a Storey&#8217;s Gate a Westminster Abbey k\u00f6zel\u00e9ben a teljes nap sor\u00e1n a legalacsonyabb s\u0171r\u0171s\u00e9g\u0171 min\u0151s\u00e9gi n\u00e9z\u0151pont.<\/p>\n\n\n\n<h2 class=\"wp-block-heading\">Mit viselj \u00e9s hozz mag\u00e1val a 2026. m\u00e1jus 8-i VE napra<\/h2>\n\n\n\n<p>Az \u00f6lt\u00f6zkod\u00e9si k\u00f3d tisztelettud\u00f3, de lezser. Pontosabban, ker\u00fclje a r\u00f6vidnadr\u00e1got, ujjatlan topokat vagy m\u00e1rk\u00e1s sportruh\u00e1zatot a veter\u00e1nok \u00e9s a szolg\u00e1latban l\u00e9v\u0151 szem\u00e9lyzet tisztelet\u00e9b\u0151l. R\u00e1ad\u00e1sul az \u00e1tlagos m\u00e1jusi h\u0151m\u00e9rs\u00e9klet Londonban 14\u00b0C, 30 sz\u00e1zal\u00e9kos val\u00f3sz\u00edn\u0171s\u00e9ge van k\u00f6nny\u0171 es\u0151nek, \u00edgy egy k\u00f6nny\u0171 kab\u00e1t c\u00e9lszer\u0171. Val\u00f3j\u00e1ban egy kism\u00e9ret\u0171 h\u00e1tizs\u00e1k megengedett az \u00f6sszes ny\u00edlt n\u00e9z\u0151pontj\u00e1n, de \u00fcvegpalackok, alkohol vagy \u00e1llv\u00e1nyok nem megengedettek. Emellett a Met Police diszkr\u00e9ci\u00f3b\u00f3l v\u00e1laszthat\u00f3 keres\u00e9si politik\u00e1t alkalmaz a kordon bej\u00e1ratain\u00e1l.<\/p>\n\n\n\n<p>Hozzon mag\u00e1val egy teljesen felt\u00f6lt\u00f6tt telefonnal rendelkez\u0151 telefont, egy kis \u00fcveg vizet \u00e9s az esetleges megl\u00e9v\u0151 UK ETA dokument\u00e1ci\u00f3t, ha sz\u00e1nd\u00e9k\u00e1ban \u00e1ll k\u00e9s\u0151bb egy korm\u00e1nyzati \u00e9p\u00fclet megl\u00e1togat\u00e1sa. Ennek eredm\u00e9nyek\u00e9nt az egyetlen el\u0151re megv\u00e1s\u00e1rl\u00e1st meg\u00e9rl\u0151 esem\u00e9nyre jellemz\u0151 t\u00e1rgy a Royal British Legion pipacs kit\u0171z\u0151 2 font\u00e9rt, amely a londoni b\u00e1rmely \u00e1llom\u00e1skioszkt\u0151l el\u00e9rhet\u0151 a 2026. m\u00e1jus 5-i h\u00e9t sor\u00e1n.<\/p>\n\n\n\n<h2 class=\"wp-block-heading\">\u00c9tel, ital \u00e9s sz\u00fcnetek a nap sor\u00e1n<\/h2>\n\n\n\n<p>A Whitehall kordonon bel\u00fcli k\u00e1v\u00e9z\u00f3k z\u00e1rva vannak a jegy n\u00e9lk\u00fcli l\u00e1togat\u00f3k sz\u00e1m\u00e1ra. azonban a Pret a Manger a 8 The Strand-n\u00e9l 06:30-kor nyit meg \u00e9s csak elviteles modellel m\u0171k\u00f6dik a 2026. m\u00e1jus 8-i VE nap sor\u00e1n. R\u00e1ad\u00e1sul a National Gallery a Trafalgar Square-en nyitva tartja a k\u00e1v\u00e9j\u00e1t \u2013 ez egy csendesebb \u00fcl\u0151lehet\u0151s\u00e9g, mint a k\u00f6rnyez\u0151 l\u00e1ncok. Pontosabban, egy hosszabb sz\u00fcnethez a John Lewis Oxford Street pinceszintj\u00e9n tal\u00e1lhat\u00f3 egy Brasserie Blanc, amelynek foglal\u00e1sai m\u00e9g az \u00edr\u00e1s id\u0151pontj\u00e1ban is el\u00e9rhet\u0151ek 12:00 \u00e9s 14:00 id\u0151pontokra.<\/p>\n\n\n\n<figure class=\"wp-block-image size-large\"><img decoding=\"async\" width=\"1200\" height=\"1500\" src=\"https:\/\/etavisauk.org\/wp-content\/uploads\/2026\/03\/big-ben-sunset-london.jpg\" alt=\"VE Day 81 ETA visitor guide londoni turist\u00e1k sz\u00e1m\u00e1ra\" class=\"wp-image-970\" srcset=\"https:\/\/etavisauk.org\/wp-content\/uploads\/2026\/03\/big-ben-sunset-london.jpg 1200w, https:\/\/etavisauk.org\/wp-content\/uploads\/2026\/03\/big-ben-sunset-london-240x300.jpg 240w, https:\/\/etavisauk.org\/wp-content\/uploads\/2026\/03\/big-ben-sunset-london-819x1024.jpg 819w, https:\/\/etavisauk.org\/wp-content\/uploads\/2026\/03\/big-ben-sunset-london-768x960.jpg 768w, https:\/\/etavisauk.org\/wp-content\/uploads\/2026\/03\/big-ben-sunset-london-10x12.jpg 10w\" sizes=\"(max-width: 1200px) 100vw, 1200px\" \/><\/figure>\n\n\n\n<h2 class=\"wp-block-heading\">Kultur\u00e1lis p\u00e1ros\u00edt\u00e1sok \u2014 VE Day valamint egy m\u00fazeum<\/h2>\n\n\n\n<p>Az Imperial War Museum a Lambeth Road-on ingyenes bel\u00e9p\u00e9st biztos\u00edt \u00e9s egy k\u00fcl\u00f6nleges VE Day 2026 ki\u00e1ll\u00edt\u00e1st tartogat \"Living Memory\" c\u00edmmel j\u00fanius 14-ig. Tov\u00e1bb\u00e1 a Churchill War Rooms a King Charles Street alatt m\u00e1jus 9. \u00e9s m\u00e1jus 11. k\u00f6z\u00f6tt 2026-ban az \u00e9tkez\u00e9si d\u00edjat \u00a329-r\u00f3l \u00a319-re cs\u00f6kkenti veter\u00e1nok \u00e9s k\u00f6zvetlen lesz\u00e1rmazottak sz\u00e1m\u00e1ra. Ezenk\u00edv\u00fcl a National Army Museum Chelse\u00e1ban ingyenes csal\u00e1di m\u0171helymunk\u00e1kat k\u00edn\u00e1l m\u00e1jus 9. szombatj\u00e1ban 10:30 \u00e9s 16:00 k\u00f6z\u00f6tt. Ez\u00e9rt egy ETA l\u00e1togat\u00f3 \u00f6ssze\u00e1ll\u00edthat egy k\u00e9tnapos Eml\u00e9kez\u00e9s iterinert k\u00e9t ir\u00e1ny\u00edt\u00f3sz\u00e1m k\u00f6z\u00f6tt \u2014 Westminster p\u00e9nteken \u00e9s Lambeth szombaton \u2014 an\u00e9lk\u00fcl, hogy aut\u00f3t b\u00e9relne vagy hossz\u00fa t\u00e1vols\u00e1g\u00fa vonatra sz\u00e1llna.<\/p>\n\n\n\n<h2 class=\"wp-block-heading\">Pub\u00f3k, sz\u00e1llod\u00e1k \u00e9s a bank holiday h\u00e9tv\u00e9g\u00e9je<\/h2>\n\n\n\n<p>A Bank Holiday Monday m\u00e1jus 4-\u00e9n (Early May Bank Holiday) azt jelenti, hogy m\u00e1jus 8-a p\u00e9ntek egy szokatlan h\u00e9tk\u00f6znapi \u00fcnnepnapi ritmuszt teremt. Val\u00f3ban, a k\u00f6zponti londoni sz\u00e1llod\u00e1k 12 sz\u00e1zal\u00e9kos fel\u00e1rakat adtak hozz\u00e1 a szobatarif\u00e1khoz 2026. m\u00e1jus 7-e cs\u00fct\u00f6rt\u00f6kt\u0151l m\u00e1jus 10-e vas\u00e1rnapig. Ez\u00e9rt az ETA l\u00e1togat\u00f3knak \u00e1prilis 21-ig kell sz\u00e1ll\u00e1st foglalniuk, vagy n\u00e9zz\u00e9k meg a 2. z\u00f3n\u00e1s alternat\u00edv\u00e1kat, p\u00e9ld\u00e1ul Bermondsey, Camden \u00e9s Battersea ter\u00fcleteit, ahol az el\u00e9rhet\u0151s\u00e9g stabil marad. Tov\u00e1bb\u00e1 n\u00e9h\u00e1ny kocsm\u00e1ban 11:00-t\u00f3l 12:00-ig Memorial Hour-t tartanak \u2014 a westminsteri Red Lion \u00e9s a Charing Cross k\u00f6zel\u00e9ben tal\u00e1lhat\u00f3 Sherlock Holmes szint\u00e9n megtisztelik a k\u00e9tperces hallgat\u00e1st, majd a veter\u00e1nok ingyenes Spitfire Ale s\u00f6rkre jogosultak, azonos\u00edtv\u00e1ny felmutat\u00e1sa eset\u00e9n.<\/p>\n\n\n\n<h2 class=\"wp-block-heading\">Biztons\u00e1g, k\u00f6zrend \u00e9s tisztelettud\u00f3 viselked\u00e9s<\/h2>\n\n\n\n<p>Kifejezetten a felvonul\u00e1st tapsolj\u00e1k meg ahelyett, hogy \u00fcv\u00f6lten\u00e9nek; a z\u00e1szl\u00f3lobogtat\u00e1s \u00fcdv\u00f6zlend\u0151, de a hangos skand\u00e1l\u00e1s nem. Tov\u00e1bb\u00e1 a fot\u00f3sok tartj\u00e1k t\u00e1vol a selfie botokat a korl\u00e1tr\u00f3l, \u00e9s ker\u00fclj\u00e9k el, hogy eltakargass\u00e1k a veter\u00e1nok l\u00e1t\u00f3vonal\u00e1t. Val\u00f3ban, a londoni rend\u0151rs\u00e9g (Met Police) azt k\u00e9ri, hogy a l\u00e1togat\u00f3k ne k\u00f6zel\u00edts\u00e9k meg az egyenruh\u00e1s szem\u00e9lyzetet al\u00e1\u00edr\u00e1s\u00e9rt vagy fot\u00f3\u00e9rt, am\u00edg a hivatalos program be nem fejez\u0151dik. S\u0151t, a Whitehall, Horse Guards \u00e9s The Mall ter\u00fclet\u00e9n val\u00f3 szem\u00e9telhagy\u00e1s a VE Day-en a City of Westminster Council meger\u0151s\u00edtett \u00e9rv\u00e9nyes\u00edt\u00e9si rendszere szerint 150 fontos fix szankci\u00f3s b\u00fcntet\u00e9snek min\u0151s\u00fcl.<\/p>\n\n\n\n<figure class=\"wp-block-image size-large\"><img loading=\"lazy\" decoding=\"async\" width=\"800\" height=\"533\" src=\"https:\/\/etavisauk.org\/wp-content\/uploads\/2026\/03\/tower-bridge-thames.jpg\" alt=\"VE Day 81 Whitehall Cenotaph UK ETA holders sz\u00e1m\u00e1ra\" class=\"wp-image-1531\" srcset=\"https:\/\/etavisauk.org\/wp-content\/uploads\/2026\/03\/tower-bridge-thames.jpg 800w, https:\/\/etavisauk.org\/wp-content\/uploads\/2026\/03\/tower-bridge-thames-300x200.jpg 300w, https:\/\/etavisauk.org\/wp-content\/uploads\/2026\/03\/tower-bridge-thames-768x512.jpg 768w, https:\/\/etavisauk.org\/wp-content\/uploads\/2026\/03\/tower-bridge-thames-18x12.jpg 18w\" sizes=\"(max-width: 800px) 100vw, 800px\" \/><\/figure>\n\n\n\n<h2 class=\"wp-block-heading\">Re\u00e1lis k\u00f6lts\u00e9gek 2026-os fontban<\/h2>\n\n\n\n<figure class=\"wp-block-table\"><table><thead><tr><th>T\u00e9tel<\/th><th>K\u00f6lts\u00e9gek<\/th><th>Megjegyz\u00e9s<\/th><\/tr><\/thead><tbody><tr><td>Metr\u00f3jegy a londoni k\u00f6zpontban<\/td><td>\u00a33.10 \u2013 \u00a36.50<\/td><td>Contactless feln\u0151tt viteld\u00edj<\/td><\/tr><tr><td>K\u00e1v\u00e9 + szendvics<\/td><td>\u00a38 \u2013 \u00a314<\/td><td>Pret, Costa, Greggs<\/td><\/tr><tr><td>Royal British Legion m\u00e1k<\/td><td>\u00a32<\/td><td>\u00d6nk\u00e9ntes adom\u00e1ny<\/td><\/tr><tr><td>IWM ki\u00e1ll\u00edt\u00e1s bel\u00e9p\u0151<\/td><td>Ingyenes<\/td><td>Lambeth Road<\/td><\/tr><tr><td>Hotel \u00e1rfelhajt\u00e1s p\u00e9ntek \u00e9jszaka<\/td><td>+12%<\/td><td>Versus standard m\u00e1jus \u00e1r<\/td><\/tr><\/tbody><\/table><\/figure>\n\n\n\n<h2 class=\"wp-block-heading\">Gyakran ism\u00e9telt k\u00e9rd\u00e9sek<\/h2>\n\n\n\n<h3 class=\"wp-block-heading\">Sz\u00fcks\u00e9ges-e UK ETA a VE Day 81 Londonban val\u00f3 r\u00e9szv\u00e9telhez?<\/h3>\n\n\n<p>Igen, legt\u00f6bb esetben. A nem v\u00edzumk\u00f6telezett orsz\u00e1gokb\u00f3l \u00e9rkez\u0151 l\u00e1togat\u00f3knak \u00e9rv\u00e9nyes UK Electronic Travel Authorisation sz\u00fcks\u00e9ges, amely 16 fontba ker\u00fcl, k\u00e9t \u00e9vig \u00e9rv\u00e9nyes \u00e9s legfeljebb hat h\u00f3napos t\u00f6bbsz\u00f6ri beutaz\u00e1st tesz lehet\u0151v\u00e9.<\/p>\n\n\n\n<h3 class=\"wp-block-heading\">Fogadnak-e gyerekeket a szertart\u00e1son?<\/h3>\n\n\n<p>Igen. Minden \u00e9letkor\u00fa gyermek \u00fcdv\u00f6z\u00f6lt minden nyitott hozz\u00e1f\u00e9r\u00e9s\u0171 megtekint\u00e9si z\u00f3n\u00e1ban \u00e9s a Trafalgar-t\u00e9ren. A Cenotaph szertart\u00e1s azonban csendes megeml\u00e9kez\u00e9s \u2013 az \u00f6t \u00e9v alattiak k\u00f6nnyebben kezelhet\u0151ek a Mall-on.<\/p>\n\n\n\n<h3 class=\"wp-block-heading\">Megengedett-e a f\u00e9nyk\u00e9pez\u00e9s a csend alatt?<\/h3>\n\n\n<p>A f\u00e9nyk\u00e9pez\u00e9s technikailag megengedett, de a legt\u00f6bb r\u00e9sztvev\u0151 11:00-kor a k\u00e9tperces csendben leereszti a f\u00e9nyk\u00e9pez\u0151g\u00e9pet. A f\u00e9nyk\u00e9pez\u0151g\u00e9p z\u00e1rk\u00f3z\u00e1r\u00e1sa hallhat\u00f3 csendes napokon; ez\u00e9rt csendre kapcsolja a telefon z\u00e1rk\u00f3z\u00e1r\u00e1s\u00e1t udvariass\u00e1gb\u00f3l.<\/p>\n\n\n\n<h3 class=\"wp-block-heading\">Nyitva lesz-e a Buckingham-palota a nagyk\u00f6z\u00f6ns\u00e9g sz\u00e1m\u00e1ra?<\/h3>\n\n\n<p>Nem. Az State Rooms 2026. j\u00falius 17-t\u0151l nyitnak meg ny\u00e1ri nyitvatart\u00e1sra. A kert napk\u00f6zben tov\u00e1bbra is l\u00e1togathat\u00f3 a par\u00e1d\u00e9 megtekint\u00e9s\u00e9hez.<\/p>\n\n\n\n<h3 class=\"wp-block-heading\">Mi lesz, ha er\u0151sen esik az es\u0151 2026. m\u00e1jus 8-\u00e1n?<\/h3>\n\n\n<p>A program gyenge es\u0151ben folytat\u00f3dik. Azonban a rep\u00fcl\u00e9sfel\u00fclete \u00f6sszeomolhat er\u0151s es\u0151ben vagy alacsony felh\u0151zet eset\u00e9n 700 l\u00e1b alatt. A friss\u00edt\u00e9sek a Royal British Legion k\u00f6z\u00f6ss\u00e9gi csatorn\u00e1in \u00e9s a Met Office rep\u00fcl\u00e9si el\u0151rejelz\u00e9s\u00e9n jelennek meg.<\/p>\n\n\n\n<h3 class=\"wp-block-heading\">Vannak a VE Day-re \u00f6sszpontos\u00edtott vezetett t\u00far\u00e1k?<\/h3>\n\n\n<p>Igen. Az Imperial War Museum 90 perces \"1945 in Westminster\" vezetett s\u00e9ta-t\u00far\u00e1t k\u00edn\u00e1l p\u00e9nteken \u00e9s szombaton 10:00-kor \u00e9s 14:30-kor, 14 \u00a3 \u00e1ron, veter\u00e1nok \u00e9s 16 \u00e9v alattiak sz\u00e1m\u00e1ra kedvezm\u00e9nyes \u00e1rakkal.<\/p>\n\n\n\n<h3 class=\"wp-block-heading\">R\u00e9szt vehetek katonai egyenruh\u00e1ban, ha k\u00fclf\u00f6ld\u00f6n szolg\u00e1ltam?<\/h3>\n\n\n<p>Igen. A k\u00fclf\u00f6ldi katonai szem\u00e9lyzet form\u00e1lis \u00f6lt\u00f6zetben vehet r\u00e9szt a megfelel\u0151 nagyk\u00f6vets\u00e9gi \u00e9rtes\u00edt\u00e9ssel. A Met Police azt k\u00e9ri, hogy el\u0151zetesen e-mailben \u00e9rtes\u00edts\u00e9k az egyetemi katonai attach\u00e9 irod\u00e1j\u00e1n kereszt\u00fcl, hogy biztos\u00edts\u00e1k a z\u00f6kken\u0151mentes biztons\u00e1gi ellen\u0151rz\u00e9st a kordonok bej\u00e1ratain\u00e1l.<\/p>\n\n\n\n<h3 class=\"wp-block-heading\">A VE Day 81 megeml\u00e9kez\u00e9s \u00e9l\u0151 k\u00f6zvet\u00edt\u00e9sben l\u00e1that\u00f3?<\/h3>\n\n\n<p>Igen. A BBC One a teljes programot k\u00f6zvet\u00edti 10:00-t\u00f3l 14:00-ig angol jelnyelvi tolm\u00e1csol\u00e1ssal a BBC iPlayer alternat\u00edv feedj\u00e9n. Az \u00e9l\u0151 k\u00f6zvet\u00edt\u00e9s a Royal British Legion YouTube-csatorn\u00e1j\u00e1n is fut geografikus blokkol\u00e1s n\u00e9lk\u00fcl.<\/p>\n\n\n\n<h2 class=\"wp-block-heading\">Hogyan illeszkedik a VE Day egy sz\u00e9lesebb ETA London h\u00e9t keret\u00e9be<\/h2>\n\n\n\n<p>Egy ETA visitor, aki 2026 m\u00e1jus elej\u00e9n 5 napot t\u00f6lt Londonban, er\u0151s utaz\u00e1si programot tud fel\u00e9p\u00edteni: Tower of London kedd 5. m\u00e1jus, Chelsea Flower Show cs\u00fct\u00f6rt\u00f6k 7. m\u00e1jus, VE Day p\u00e9ntek 8. m\u00e1jus, IWM \u00e9s West End-i show szombat 9. m\u00e1jus, valamint Greenwich vas\u00e1rnap 10. m\u00e1jus. Tov\u00e1bb\u00e1 a Bank Holiday Monday m\u00e1jus 4-\u00e9n bez\u00e1r n\u00e9h\u00e1ny m\u00fazeumot, de piacokat nyit a Borough \u00e9s Camden ter\u00fclet\u00e9n. Ennek eredm\u00e9nyek\u00e9nt a h\u00e9t az \u00e9v egyik legzs\u00fafoltabb nemzeti \u00fcnnepl\u00e9si id\u0151szaka lesz a k\u00fclf\u00f6ldi l\u00e1togat\u00f3k sz\u00e1m\u00e1ra.<\/p>\n\n\n\n<figure class=\"wp-block-image size-large\"><img loading=\"lazy\" decoding=\"async\" width=\"800\" height=\"1200\" src=\"https:\/\/etavisauk.org\/wp-content\/uploads\/2026\/03\/london-bigben-landmark.jpg\" alt=\"VE Day 81 London Westminster ETA visitor\" class=\"wp-image-1530\" srcset=\"https:\/\/etavisauk.org\/wp-content\/uploads\/2026\/03\/london-bigben-landmark.jpg 800w, https:\/\/etavisauk.org\/wp-content\/uploads\/2026\/03\/london-bigben-landmark-200x300.jpg 200w, https:\/\/etavisauk.org\/wp-content\/uploads\/2026\/03\/london-bigben-landmark-683x1024.jpg 683w, https:\/\/etavisauk.org\/wp-content\/uploads\/2026\/03\/london-bigben-landmark-768x1152.jpg 768w, https:\/\/etavisauk.org\/wp-content\/uploads\/2026\/03\/london-bigben-landmark-8x12.jpg 8w\" sizes=\"(max-width: 800px) 100vw, 800px\" \/><\/figure>\n\n\n\n<h2 class=\"wp-block-heading\">Utols\u00f3 gyakorlati eml\u00e9keztet\u0151k<\/h2>\n\n\n\n<p>Miel\u0151tt elindulna, er\u0151s\u00edtse meg UK ETA enged\u00e9ly\u00e9t \u2013 a Bel\u00fcgyminiszt\u00e9rium feldolgoz\u00e1si ideje \u00e1tlagosan 4 \u00f3ra, de ak\u00e1r 3 munkanap is lehet. Ezenk\u00edv\u00fcl k\u00e9sz\u00edtsen k\u00e9perny\u0151k\u00e9pet a QR-k\u00f3dos besz\u00e1ll\u00f3k\u00e1rty\u00e1j\u00e1r\u00f3l \u00e9s az ETA meger\u0151s\u00edt\u00e9s\u00e9r\u0151l, hogy az adatok a Whitehall k\u00f6zel\u00e9ben lecs\u00f6kkenjenek. Val\u00f3ban, a Metropolitan Police ideiglenes h\u00e1l\u00f3zati antenn\u00e1ja a Trafalgar Square-en t\u00e1mogatja a 4G \u00e9s 5G haszn\u00e1lat\u00e1t, de torl\u00f3d\u00e1sok tov\u00e1bbra is kialakulhatnak a csend \u00e9s a rep\u00fcl\u0151p\u00e1ros alatt. Ez\u00e9rt kapcsolja ki az \u00e9l\u0151 fot\u00f3kat, \u00e1ll\u00edtsa az k\u00e9perny\u0151 f\u00e9nyerej\u00e9t 70 sz\u00e1zal\u00e9kra, \u00e9s kapcsolja ki a Bluetooth-ot, hogy az akkumul\u00e1tor 14:00-ig kitartson a k\u00f6z\u00f6ss\u00e9gi koncertig. Utols\u00f3 megjegyz\u00e9sk\u00e9nt t\u00e1mogassa a Royal British Legiont az egyik hivatalos pipacs standn\u00e1l \u2013 minden 1 \u00a3 a modern, akt\u00edv szolg\u00e1latban l\u00e9v\u0151 szem\u00e9lyzet \u00e9s csal\u00e1djaik megseg\u00edt\u00e9s\u00e9re ford\u00edt\u00f3dik.<\/p>\n\n\n\n<p>Tov\u00e1bbi londoni UK ETA utaz\u00e1stervez\u00e9shez l\u00e1sd \u00fatmutat\u00f3inkat a <a href=\"https:\/\/etavisauk.org\/hu\/free-london-attractions-2026-top-10-museums-parks-and-viewpoints\/\">ingyenes londoni l\u00e1tnival\u00f3k 2026<\/a>, <a href=\"https:\/\/etavisauk.org\/hu\/budget-london-accommodation-2026-hostels-pods-and-airbnb-compared\/\">k\u00f6lts\u00e9gvet\u00e9s bar\u00e1ts\u00e1gos londoni sz\u00e1ll\u00e1shely<\/a>, <a href=\"https:\/\/etavisauk.org\/hu\/passport-change-and-uk-eta-what-you-must-do-in-2026\/\">\u00fatlev\u00e9l v\u00e1ltoz\u00e1sok \u00e9s az \u00d6n UK ETA<\/a>, <a href=\"https:\/\/etavisauk.org\/hu\/uk-eta-application-step-by-step-2026\/\">UK ETA alkalmaz\u00e1s l\u00e9p\u00e9sr\u0151l l\u00e9p\u00e9sre<\/a>, <a href=\"https:\/\/etavisauk.org\/hu\/uk-immigration-rules-for-visitors-2026\/\">UK bev\u00e1ndorl\u00e1si szab\u00e1lyok l\u00e1togat\u00f3k sz\u00e1m\u00e1ra<\/a>, <a href=\"https:\/\/etavisauk.org\/hu\/london-tube-fares-2026-visitor-oyster-vs-contactless\/\">London Tube viteld\u00edjak 2026<\/a>, <a href=\"https:\/\/etavisauk.org\/hu\/uk-eta-family-travel-guide-2026\/\">UK ETA csal\u00e1di utaz\u00e1si \u00fatmutat\u00f3<\/a>, <a href=\"https:\/\/etavisauk.org\/hu\/uk-eta-processing-time-2026-real-numbers\/\">UK ETA feldolgoz\u00e1si id\u0151<\/a>, <a href=\"https:\/\/etavisauk.org\/hu\/london-weekend-itinerary-2026-three-day-plan\/\">London h\u00e9tv\u00e9gi \u00fatvonaltervezet<\/a>, \u00e9s <a href=\"https:\/\/etavisauk.org\/hu\/uk-eta-refusal-reasons-and-appeals-2026\/\">UK ETA elutas\u00edt\u00e1si okai \u00e9s fellebbez\u00e9sek<\/a>.<\/p>","protected":false},"excerpt":{"rendered":"<p>The VE Day 81 London commemorations on Friday 8 May 2026 mark eighty-one years since Victory in Europe ended the Second World War in May 1945. Furthermore, the date falls inside a long Bank Holiday weekend, which makes it the single most significant historical observance an ETA holder can experience in central London during May. [&hellip;]<\/p>\n","protected":false},"author":1,"featured_media":1636,"comment_status":"open","ping_status":"open","sticky":false,"template":"","format":"standard","meta":{"_yoast_wpseo_focuskw":"VE Day 81 London","_yoast_wpseo_title":"VE Day 81 London \u2013 ETA Visitor Guide 2026","_yoast_wpseo_metadesc":"VE Day 81 in London on 8 May 2026 \u2013 programme, transport, viewing spots and FAQ for ETA visitors. Practical guide to commemorations and flypast.","footnotes":""},"categories":[1],"tags":[],"class_list":["post-1892","post","type-post","status-publish","format-standard","has-post-thumbnail","hentry","category-uncategorized"],"yoast_head":"<!-- This site is optimized with the Yoast SEO plugin v27.5 - https:\/\/yoast.com\/product\/yoast-seo-wordpress\/ -->\n<title>VE Day 81 London \u2013 ETA Visitor Guide 2026<\/title>\n<meta name=\"description\" content=\"VE Day 81 in London on 8 May 2026 \u2013 programme, transport, viewing spots and FAQ for ETA visitors. Practical guide to commemorations and flypast.\" \/>\n<meta name=\"robots\" content=\"index, follow, max-snippet:-1, max-image-preview:large, max-video-preview:-1\" \/>\n<link rel=\"canonical\" href=\"https:\/\/etavisauk.org\/hu\/ve-day-81st-anniversary-london-8-may-2026-for-eta-visitors\/\" \/>\n<meta property=\"og:locale\" content=\"hu_HU\" \/>\n<meta property=\"og:type\" content=\"article\" \/>\n<meta property=\"og:title\" content=\"VE Day 81 London \u2013 ETA Visitor Guide 2026\" \/>\n<meta property=\"og:description\" content=\"VE Day 81 in London on 8 May 2026 \u2013 programme, transport, viewing spots and FAQ for ETA visitors. Practical guide to commemorations and flypast.\" \/>\n<meta property=\"og:url\" content=\"https:\/\/etavisauk.org\/hu\/ve-day-81st-anniversary-london-8-may-2026-for-eta-visitors\/\" \/>\n<meta property=\"og:site_name\" content=\"ETA UK\" \/>\n<meta property=\"article:published_time\" content=\"2026-05-01T09:00:00+00:00\" \/>\n<meta property=\"og:image\" content=\"https:\/\/etavisauk.org\/wp-content\/uploads\/2026\/04\/london-budget-tower-bridge.jpg\" \/>\n\t<meta property=\"og:image:width\" content=\"1200\" \/>\n\t<meta property=\"og:image:height\" content=\"800\" \/>\n\t<meta property=\"og:image:type\" content=\"image\/jpeg\" \/>\n<meta name=\"author\" content=\"James Crawford\" \/>\n<meta name=\"twitter:card\" content=\"summary_large_image\" \/>\n<meta name=\"twitter:label1\" content=\"Szerz\u0151:\" \/>\n\t<meta name=\"twitter:data1\" content=\"James Crawford\" \/>\n\t<meta name=\"twitter:label2\" content=\"Becs\u00fclt olvas\u00e1si id\u0151\" \/>\n\t<meta name=\"twitter:data2\" content=\"9 perc\" \/>\n<script type=\"application\/ld+json\" class=\"yoast-schema-graph\">{\"@context\":\"https:\\\/\\\/schema.org\",\"@graph\":[{\"@type\":\"Article\",\"@id\":\"https:\\\/\\\/etavisauk.org\\\/ve-day-81st-anniversary-london-8-may-2026-for-eta-visitors\\\/#article\",\"isPartOf\":{\"@id\":\"https:\\\/\\\/etavisauk.org\\\/ve-day-81st-anniversary-london-8-may-2026-for-eta-visitors\\\/\"},\"author\":{\"name\":\"James Crawford\",\"@id\":\"https:\\\/\\\/etavisauk.org\\\/#\\\/schema\\\/person\\\/270ad6539a31e6e56947d06538bfdef0\"},\"headline\":\"VE Day 81st Anniversary \u2013 London 8 May 2026 for ETA Visitors\",\"datePublished\":\"2026-05-01T09:00:00+00:00\",\"mainEntityOfPage\":{\"@id\":\"https:\\\/\\\/etavisauk.org\\\/ve-day-81st-anniversary-london-8-may-2026-for-eta-visitors\\\/\"},\"wordCount\":1886,\"commentCount\":0,\"publisher\":{\"@id\":\"https:\\\/\\\/etavisauk.org\\\/#organization\"},\"image\":{\"@id\":\"https:\\\/\\\/etavisauk.org\\\/ve-day-81st-anniversary-london-8-may-2026-for-eta-visitors\\\/#primaryimage\"},\"thumbnailUrl\":\"https:\\\/\\\/etavisauk.org\\\/wp-content\\\/uploads\\\/2026\\\/04\\\/london-budget-tower-bridge.jpg\",\"articleSection\":[\"Uncategorized\"],\"inLanguage\":\"hu\",\"potentialAction\":[{\"@type\":\"CommentAction\",\"name\":\"Comment\",\"target\":[\"https:\\\/\\\/etavisauk.org\\\/ve-day-81st-anniversary-london-8-may-2026-for-eta-visitors\\\/#respond\"]}]},{\"@type\":\"WebPage\",\"@id\":\"https:\\\/\\\/etavisauk.org\\\/ve-day-81st-anniversary-london-8-may-2026-for-eta-visitors\\\/\",\"url\":\"https:\\\/\\\/etavisauk.org\\\/ve-day-81st-anniversary-london-8-may-2026-for-eta-visitors\\\/\",\"name\":\"VE Day 81 London \u2013 ETA Visitor Guide 2026\",\"isPartOf\":{\"@id\":\"https:\\\/\\\/etavisauk.org\\\/#website\"},\"primaryImageOfPage\":{\"@id\":\"https:\\\/\\\/etavisauk.org\\\/ve-day-81st-anniversary-london-8-may-2026-for-eta-visitors\\\/#primaryimage\"},\"image\":{\"@id\":\"https:\\\/\\\/etavisauk.org\\\/ve-day-81st-anniversary-london-8-may-2026-for-eta-visitors\\\/#primaryimage\"},\"thumbnailUrl\":\"https:\\\/\\\/etavisauk.org\\\/wp-content\\\/uploads\\\/2026\\\/04\\\/london-budget-tower-bridge.jpg\",\"datePublished\":\"2026-05-01T09:00:00+00:00\",\"description\":\"VE Day 81 in London on 8 May 2026 \u2013 programme, transport, viewing spots and FAQ for ETA visitors. Practical guide to commemorations and flypast.\",\"breadcrumb\":{\"@id\":\"https:\\\/\\\/etavisauk.org\\\/ve-day-81st-anniversary-london-8-may-2026-for-eta-visitors\\\/#breadcrumb\"},\"inLanguage\":\"hu\",\"potentialAction\":[{\"@type\":\"ReadAction\",\"target\":[\"https:\\\/\\\/etavisauk.org\\\/ve-day-81st-anniversary-london-8-may-2026-for-eta-visitors\\\/\"]}]},{\"@type\":\"ImageObject\",\"inLanguage\":\"hu\",\"@id\":\"https:\\\/\\\/etavisauk.org\\\/ve-day-81st-anniversary-london-8-may-2026-for-eta-visitors\\\/#primaryimage\",\"url\":\"https:\\\/\\\/etavisauk.org\\\/wp-content\\\/uploads\\\/2026\\\/04\\\/london-budget-tower-bridge.jpg\",\"contentUrl\":\"https:\\\/\\\/etavisauk.org\\\/wp-content\\\/uploads\\\/2026\\\/04\\\/london-budget-tower-bridge.jpg\",\"width\":1200,\"height\":800,\"caption\":\"Tower Bridge over Thames in London skyline\"},{\"@type\":\"BreadcrumbList\",\"@id\":\"https:\\\/\\\/etavisauk.org\\\/ve-day-81st-anniversary-london-8-may-2026-for-eta-visitors\\\/#breadcrumb\",\"itemListElement\":[{\"@type\":\"ListItem\",\"position\":1,\"name\":\"Home\",\"item\":\"https:\\\/\\\/etavisauk.org\\\/en\\\/\"},{\"@type\":\"ListItem\",\"position\":2,\"name\":\"VE Day 81st Anniversary \u2013 London 8 May 2026 for ETA Visitors\"}]},{\"@type\":\"WebSite\",\"@id\":\"https:\\\/\\\/etavisauk.org\\\/#website\",\"url\":\"https:\\\/\\\/etavisauk.org\\\/\",\"name\":\"ETA UK\",\"description\":\"\",\"publisher\":{\"@id\":\"https:\\\/\\\/etavisauk.org\\\/#organization\"},\"potentialAction\":[{\"@type\":\"SearchAction\",\"target\":{\"@type\":\"EntryPoint\",\"urlTemplate\":\"https:\\\/\\\/etavisauk.org\\\/?s={search_term_string}\"},\"query-input\":{\"@type\":\"PropertyValueSpecification\",\"valueRequired\":true,\"valueName\":\"search_term_string\"}}],\"inLanguage\":\"hu\"},{\"@type\":\"Organization\",\"@id\":\"https:\\\/\\\/etavisauk.org\\\/#organization\",\"name\":\"ETA UK\",\"alternateName\":\"ETA Visa UK\",\"url\":\"https:\\\/\\\/etavisauk.org\\\/\",\"logo\":{\"@type\":\"ImageObject\",\"inLanguage\":\"hu\",\"@id\":\"https:\\\/\\\/etavisauk.org\\\/#\\\/schema\\\/logo\\\/image\\\/\",\"url\":\"https:\\\/\\\/etavisauk.org\\\/wp-content\\\/uploads\\\/2026\\\/03\\\/eta-uk-logo-696.png\",\"contentUrl\":\"https:\\\/\\\/etavisauk.org\\\/wp-content\\\/uploads\\\/2026\\\/03\\\/eta-uk-logo-696.png\",\"width\":696,\"height\":696,\"caption\":\"ETA UK\"},\"image\":{\"@id\":\"https:\\\/\\\/etavisauk.org\\\/#\\\/schema\\\/logo\\\/image\\\/\"}},{\"@type\":\"Person\",\"@id\":\"https:\\\/\\\/etavisauk.org\\\/#\\\/schema\\\/person\\\/270ad6539a31e6e56947d06538bfdef0\",\"name\":\"James Crawford\",\"image\":{\"@type\":\"ImageObject\",\"inLanguage\":\"hu\",\"@id\":\"https:\\\/\\\/etavisauk.org\\\/wp-content\\\/litespeed\\\/avatar\\\/08f51d033825f5e9f2bfc41aeb266ed2.jpg?ver=1777529532\",\"url\":\"https:\\\/\\\/etavisauk.org\\\/wp-content\\\/litespeed\\\/avatar\\\/08f51d033825f5e9f2bfc41aeb266ed2.jpg?ver=1777529532\",\"contentUrl\":\"https:\\\/\\\/etavisauk.org\\\/wp-content\\\/litespeed\\\/avatar\\\/08f51d033825f5e9f2bfc41aeb266ed2.jpg?ver=1777529532\",\"caption\":\"James Crawford\"},\"description\":\"James Crawford is the lead content editor at ETA UK, specialising in UK immigration policy and travel authorisation systems. With extensive experience covering the UK Electronic Travel Authorisation (ETA) scheme, James provides accurate, up-to-date guides to help international travellers navigate UK entry requirements.\",\"sameAs\":[\"https:\\\/\\\/etavisauk.org\"],\"url\":\"https:\\\/\\\/etavisauk.org\\\/hu\\\/author\\\/lukass\\\/\"}]}<\/script>\n<!-- \/ Yoast SEO plugin. -->","yoast_head_json":{"title":"VE Day 81 London \u2013 UK ETA L\u00e1togat\u00f3i \u00datmutat\u00f3 2026","description":"VE Day 81 Londonban, 2026. m\u00e1jus 8-\u00e1n \u2013 program, k\u00f6zleked\u00e9s, megtekint\u00e9si helyek \u00e9s GYIK a UK ETA l\u00e1togat\u00f3k sz\u00e1m\u00e1ra. Gyakorlati \u00fatmutat\u00f3 az eml\u00e9kez\u00e9shez \u00e9s a l\u00e9gibemutat\u00f3hoz.","robots":{"index":"index","follow":"follow","max-snippet":"max-snippet:-1","max-image-preview":"max-image-preview:large","max-video-preview":"max-video-preview:-1"},"canonical":"https:\/\/etavisauk.org\/hu\/ve-day-81st-anniversary-london-8-may-2026-for-eta-visitors\/","og_locale":"hu_HU","og_type":"article","og_title":"VE Day 81 London \u2013 ETA Visitor Guide 2026","og_description":"VE Day 81 in London on 8 May 2026 \u2013 programme, transport, viewing spots and FAQ for ETA visitors. Practical guide to commemorations and flypast.","og_url":"https:\/\/etavisauk.org\/hu\/ve-day-81st-anniversary-london-8-may-2026-for-eta-visitors\/","og_site_name":"ETA UK","article_published_time":"2026-05-01T09:00:00+00:00","og_image":[{"width":1200,"height":800,"url":"https:\/\/etavisauk.org\/wp-content\/uploads\/2026\/04\/london-budget-tower-bridge.jpg","type":"image\/jpeg"}],"author":"James Crawford","twitter_card":"summary_large_image","twitter_misc":{"Szerz\u0151:":"James Crawford","Becs\u00fclt olvas\u00e1si id\u0151":"9 perc"},"schema":{"@context":"https:\/\/schema.org","@graph":[{"@type":"Article","@id":"https:\/\/etavisauk.org\/ve-day-81st-anniversary-london-8-may-2026-for-eta-visitors\/#article","isPartOf":{"@id":"https:\/\/etavisauk.org\/ve-day-81st-anniversary-london-8-may-2026-for-eta-visitors\/"},"author":{"name":"James Crawford","@id":"https:\/\/etavisauk.org\/#\/schema\/person\/270ad6539a31e6e56947d06538bfdef0"},"headline":"VE Day 81st Anniversary \u2013 London 8 May 2026 for ETA Visitors","datePublished":"2026-05-01T09:00:00+00:00","mainEntityOfPage":{"@id":"https:\/\/etavisauk.org\/ve-day-81st-anniversary-london-8-may-2026-for-eta-visitors\/"},"wordCount":1886,"commentCount":0,"publisher":{"@id":"https:\/\/etavisauk.org\/#organization"},"image":{"@id":"https:\/\/etavisauk.org\/ve-day-81st-anniversary-london-8-may-2026-for-eta-visitors\/#primaryimage"},"thumbnailUrl":"https:\/\/etavisauk.org\/wp-content\/uploads\/2026\/04\/london-budget-tower-bridge.jpg","articleSection":["Uncategorized"],"inLanguage":"hu","potentialAction":[{"@type":"CommentAction","name":"Comment","target":["https:\/\/etavisauk.org\/ve-day-81st-anniversary-london-8-may-2026-for-eta-visitors\/#respond"]}]},{"@type":"WebPage","@id":"https:\/\/etavisauk.org\/ve-day-81st-anniversary-london-8-may-2026-for-eta-visitors\/","url":"https:\/\/etavisauk.org\/ve-day-81st-anniversary-london-8-may-2026-for-eta-visitors\/","name":"VE Day 81 London \u2013 UK ETA L\u00e1togat\u00f3i \u00datmutat\u00f3 2026","isPartOf":{"@id":"https:\/\/etavisauk.org\/#website"},"primaryImageOfPage":{"@id":"https:\/\/etavisauk.org\/ve-day-81st-anniversary-london-8-may-2026-for-eta-visitors\/#primaryimage"},"image":{"@id":"https:\/\/etavisauk.org\/ve-day-81st-anniversary-london-8-may-2026-for-eta-visitors\/#primaryimage"},"thumbnailUrl":"https:\/\/etavisauk.org\/wp-content\/uploads\/2026\/04\/london-budget-tower-bridge.jpg","datePublished":"2026-05-01T09:00:00+00:00","description":"VE Day 81 Londonban, 2026. m\u00e1jus 8-\u00e1n \u2013 program, k\u00f6zleked\u00e9s, megtekint\u00e9si helyek \u00e9s GYIK a UK ETA l\u00e1togat\u00f3k sz\u00e1m\u00e1ra. Gyakorlati \u00fatmutat\u00f3 az eml\u00e9kez\u00e9shez \u00e9s a l\u00e9gibemutat\u00f3hoz.","breadcrumb":{"@id":"https:\/\/etavisauk.org\/ve-day-81st-anniversary-london-8-may-2026-for-eta-visitors\/#breadcrumb"},"inLanguage":"hu","potentialAction":[{"@type":"ReadAction","target":["https:\/\/etavisauk.org\/ve-day-81st-anniversary-london-8-may-2026-for-eta-visitors\/"]}]},{"@type":"ImageObject","inLanguage":"hu","@id":"https:\/\/etavisauk.org\/ve-day-81st-anniversary-london-8-may-2026-for-eta-visitors\/#primaryimage","url":"https:\/\/etavisauk.org\/wp-content\/uploads\/2026\/04\/london-budget-tower-bridge.jpg","contentUrl":"https:\/\/etavisauk.org\/wp-content\/uploads\/2026\/04\/london-budget-tower-bridge.jpg","width":1200,"height":800,"caption":"Tower Bridge over Thames in London skyline"},{"@type":"BreadcrumbList","@id":"https:\/\/etavisauk.org\/ve-day-81st-anniversary-london-8-may-2026-for-eta-visitors\/#breadcrumb","itemListElement":[{"@type":"ListItem","position":1,"name":"Home","item":"https:\/\/etavisauk.org\/en\/"},{"@type":"ListItem","position":2,"name":"VE Day 81st Anniversary \u2013 London 8 May 2026 for ETA Visitors"}]},{"@type":"WebSite","@id":"https:\/\/etavisauk.org\/#website","url":"https:\/\/etavisauk.org\/","name":"ETA UK","description":"","publisher":{"@id":"https:\/\/etavisauk.org\/#organization"},"potentialAction":[{"@type":"SearchAction","target":{"@type":"EntryPoint","urlTemplate":"https:\/\/etavisauk.org\/?s={search_term_string}"},"query-input":{"@type":"PropertyValueSpecification","valueRequired":true,"valueName":"search_term_string"}}],"inLanguage":"hu"},{"@type":"Organization","@id":"https:\/\/etavisauk.org\/#organization","name":"ETA UK","alternateName":"ETA Visa UK","url":"https:\/\/etavisauk.org\/","logo":{"@type":"ImageObject","inLanguage":"hu","@id":"https:\/\/etavisauk.org\/#\/schema\/logo\/image\/","url":"https:\/\/etavisauk.org\/wp-content\/uploads\/2026\/03\/eta-uk-logo-696.png","contentUrl":"https:\/\/etavisauk.org\/wp-content\/uploads\/2026\/03\/eta-uk-logo-696.png","width":696,"height":696,"caption":"ETA UK"},"image":{"@id":"https:\/\/etavisauk.org\/#\/schema\/logo\/image\/"}},{"@type":"Person","@id":"https:\/\/etavisauk.org\/#\/schema\/person\/270ad6539a31e6e56947d06538bfdef0","name":"James Crawford","image":{"@type":"ImageObject","inLanguage":"hu","@id":"https:\/\/etavisauk.org\/wp-content\/litespeed\/avatar\/08f51d033825f5e9f2bfc41aeb266ed2.jpg?ver=1777529532","url":"https:\/\/etavisauk.org\/wp-content\/litespeed\/avatar\/08f51d033825f5e9f2bfc41aeb266ed2.jpg?ver=1777529532","contentUrl":"https:\/\/etavisauk.org\/wp-content\/litespeed\/avatar\/08f51d033825f5e9f2bfc41aeb266ed2.jpg?ver=1777529532","caption":"James Crawford"},"description":"James Crawford az ETA UK vezet\u0151 tartalomszerkeszt\u0151je, aki az Egyes\u00fclt Kir\u00e1lys\u00e1g bev\u00e1ndorl\u00e1si politik\u00e1j\u00e1ra \u00e9s az utaz\u00e1si enged\u00e9lyez\u00e9si rendszerekre szakosodott. Az Egyes\u00fclt Kir\u00e1lys\u00e1g elektronikus beutaz\u00e1si enged\u00e9lyez\u00e9si rendszer\u00e9vel (ETA) kapcsolatos sz\u00e9lesk\u00f6r\u0171 tapasztalattal James pontos, naprak\u00e9sz \u00fatmutat\u00f3kkal seg\u00edti a nemzetk\u00f6zi utaz\u00f3kat az Egyes\u00fclt Kir\u00e1lys\u00e1g beutaz\u00e1si k\u00f6vetelm\u00e9nyeinek teljes\u00edt\u00e9s\u00e9ben.","sameAs":["https:\/\/etavisauk.org"],"url":"https:\/\/etavisauk.org\/hu\/author\/lukass\/"}]}},"_links":{"self":[{"href":"https:\/\/etavisauk.org\/hu\/wp-json\/wp\/v2\/posts\/1892","targetHints":{"allow":["GET"]}}],"collection":[{"href":"https:\/\/etavisauk.org\/hu\/wp-json\/wp\/v2\/posts"}],"about":[{"href":"https:\/\/etavisauk.org\/hu\/wp-json\/wp\/v2\/types\/post"}],"author":[{"embeddable":true,"href":"https:\/\/etavisauk.org\/hu\/wp-json\/wp\/v2\/users\/1"}],"replies":[{"embeddable":true,"href":"https:\/\/etavisauk.org\/hu\/wp-json\/wp\/v2\/comments?post=1892"}],"version-history":[{"count":1,"href":"https:\/\/etavisauk.org\/hu\/wp-json\/wp\/v2\/posts\/1892\/revisions"}],"predecessor-version":[{"id":1906,"href":"https:\/\/etavisauk.org\/hu\/wp-json\/wp\/v2\/posts\/1892\/revisions\/1906"}],"wp:featuredmedia":[{"embeddable":true,"href":"https:\/\/etavisauk.org\/hu\/wp-json\/wp\/v2\/media\/1636"}],"wp:attachment":[{"href":"https:\/\/etavisauk.org\/hu\/wp-json\/wp\/v2\/media?parent=1892"}],"wp:term":[{"taxonomy":"category","embeddable":true,"href":"https:\/\/etavisauk.org\/hu\/wp-json\/wp\/v2\/categories?post=1892"},{"taxonomy":"post_tag","embeddable":true,"href":"https:\/\/etavisauk.org\/hu\/wp-json\/wp\/v2\/tags?post=1892"}],"curies":[{"name":"wp","href":"https:\/\/api.w.org\/{rel}","templated":true}]}}